{"id":99,"date":"2013-04-15T12:08:20","date_gmt":"2013-04-15T12:08:20","guid":{"rendered":"http:\/\/alexfernandez.es\/blog\/?p=99"},"modified":"2019-12-20T10:30:42","modified_gmt":"2019-12-20T10:30:42","slug":"windows-8-entra-siempre-en-perfil-temporal","status":"publish","type":"post","link":"https:\/\/alexfernandez.es\/blog\/2013\/04\/15\/windows-8-entra-siempre-en-perfil-temporal\/","title":{"rendered":"Windows 8 entra siempre en perfil temporal"},"content":{"rendered":"<p>En la empresa en la que trabajo hemos empezado a meter alg\u00fan equipo con Windows 8 (forzados, porque cada vez se venden menos con Windows 7&#8230;) y me empiezo a encontrar ya con algunos problemas que intentar\u00e9 dejar aqu\u00ed reflejados con sus respectivas soluciones para cualquiera que pueda aprovecharse de ello.<\/p>\n<p><!--more--><\/p>\n<p>El primer usuario que tiene Windows 8, despu\u00e9s de tener todo instalado y funcionando, en el mismo d\u00eda que le entregamos el port\u00e1til comienza a tener problemas. La interfaz Moderno (antes conocida como Metro) se queda colgada, y como est\u00e1 siempre en primer plano, a no ser que tengas otro monitor al que mover el administrador de tareas (con la combinaci\u00f3n Windows+cursores) puedes ver nada. Lo \u00fanico que funciona es cerrar sesi\u00f3n o cambiar de usuario desde las opciones que aparecen al pulsar CTRL+ALT+SUPR.<\/p>\n<p>Como no he conseguido dar con el error, ni deshabilitando servicios o programas al arranque, ni desinstalando software, al final decid\u00ed que lo mejor era volver a crear el perfil, as\u00ed que proced\u00ed a renombrar la carpeta del usuario en C:\\Users. Lo que siempre funcion\u00f3 en XP sin problema, aqu\u00ed se resist\u00eda a funcionar, ya que entraba siempre en un perfil temporal.<\/p>\n<p>Despu\u00e9s de indagar un poco y leer en foros, TechNet y dem\u00e1s, la soluci\u00f3n radica en lo siguiente:<br \/>\n&#8211; Abrir regedit<br \/>\n&#8211; Ir hasta HKLM\\SOFTWARE\\Microsoft\\Windows NT\\CurrentVersion\\ProfileList<br \/>\n&#8211; Buscar si hay alguna clave con .bak al final de su nombre, y eliminarlas<\/p>\n<p>Despu\u00e9s de esto, al iniciar sesi\u00f3n con el usuario en cuesti\u00f3n vemos que ya arranca correctamente.<\/p>\n","protected":false},"excerpt":{"rendered":"<p>En la empresa en la que trabajo hemos empezado a meter alg\u00fan equipo con Windows 8 (forzados, porque cada vez se venden menos con Windows 7&#8230;) y me empiezo a encontrar ya con algunos problemas que intentar\u00e9 dejar aqu\u00ed reflejados &hellip; <a href=\"https:\/\/alexfernandez.es\/blog\/2013\/04\/15\/windows-8-entra-siempre-en-perfil-temporal\/\">Sigue leyendo <span class=\"meta-nav\">&rarr;<\/span><\/a><\/p>\n","protected":false},"author":1,"featured_media":0,"comment_status":"open","ping_status":"open","sticky":false,"template":"","format":"standard","meta":{"footnotes":""},"categories":[197],"tags":[201,200,204,199,203,202,198],"class_list":["post-99","post","type-post","status-publish","format-standard","hentry","category-windows-8","tag-perfil","tag-profile","tag-regedit","tag-temporal","tag-users","tag-usuario","tag-windows-8-2"],"yoast_head":"<!-- This site is optimized with the Yoast SEO plugin v27.5 - https:\/\/yoast.com\/product\/yoast-seo-wordpress\/ -->\n<title>Windows 8 entra siempre en perfil temporal - AlexFernandez<\/title>\n<meta name=\"robots\" content=\"index, follow, max-snippet:-1, max-image-preview:large, max-video-preview:-1\" \/>\n<link rel=\"canonical\" href=\"https:\/\/alexfernandez.es\/blog\/2013\/04\/15\/windows-8-entra-siempre-en-perfil-temporal\/\" \/>\n<meta property=\"og:locale\" content=\"es_ES\" \/>\n<meta property=\"og:type\" content=\"article\" \/>\n<meta property=\"og:title\" content=\"Windows 8 entra siempre en perfil temporal - AlexFernandez\" \/>\n<meta property=\"og:description\" content=\"En la empresa en la que trabajo hemos empezado a meter alg\u00fan equipo con Windows 8 (forzados, porque cada vez se venden menos con Windows 7&#8230;) y me empiezo a encontrar ya con algunos problemas que intentar\u00e9 dejar aqu\u00ed reflejados &hellip; Sigue leyendo &rarr;\" \/>\n<meta property=\"og:url\" content=\"https:\/\/alexfernandez.es\/blog\/2013\/04\/15\/windows-8-entra-siempre-en-perfil-temporal\/\" \/>\n<meta property=\"og:site_name\" content=\"AlexFernandez\" \/>\n<meta property=\"article:published_time\" content=\"2013-04-15T12:08:20+00:00\" \/>\n<meta property=\"article:modified_time\" content=\"2019-12-20T10:30:42+00:00\" \/>\n<meta name=\"author\" content=\"alejandrofl\" \/>\n<meta name=\"twitter:card\" content=\"summary_large_image\" \/>\n<meta name=\"twitter:label1\" content=\"Escrito por\" \/>\n\t<meta name=\"twitter:data1\" content=\"alejandrofl\" \/>\n\t<meta name=\"twitter:label2\" content=\"Tiempo de lectura\" \/>\n\t<meta name=\"twitter:data2\" content=\"1 minuto\" \/>\n<script type=\"application\/ld+json\" class=\"yoast-schema-graph\">{\"@context\":\"https:\\\/\\\/schema.org\",\"@graph\":[{\"@type\":\"Article\",\"@id\":\"https:\\\/\\\/alexfernandez.es\\\/blog\\\/2013\\\/04\\\/15\\\/windows-8-entra-siempre-en-perfil-temporal\\\/#article\",\"isPartOf\":{\"@id\":\"https:\\\/\\\/alexfernandez.es\\\/blog\\\/2013\\\/04\\\/15\\\/windows-8-entra-siempre-en-perfil-temporal\\\/\"},\"author\":{\"name\":\"alejandrofl\",\"@id\":\"https:\\\/\\\/alexfernandez.es\\\/blog\\\/#\\\/schema\\\/person\\\/594ea35bb8e3351367cda338fe7a72f5\"},\"headline\":\"Windows 8 entra siempre en perfil temporal\",\"datePublished\":\"2013-04-15T12:08:20+00:00\",\"dateModified\":\"2019-12-20T10:30:42+00:00\",\"mainEntityOfPage\":{\"@id\":\"https:\\\/\\\/alexfernandez.es\\\/blog\\\/2013\\\/04\\\/15\\\/windows-8-entra-siempre-en-perfil-temporal\\\/\"},\"wordCount\":279,\"commentCount\":0,\"keywords\":[\"perfil\",\"profile\",\"regedit\",\"temporal\",\"users\",\"usuario\",\"windows 8\"],\"articleSection\":[\"Windows 8\"],\"inLanguage\":\"es\",\"potentialAction\":[{\"@type\":\"CommentAction\",\"name\":\"Comment\",\"target\":[\"https:\\\/\\\/alexfernandez.es\\\/blog\\\/2013\\\/04\\\/15\\\/windows-8-entra-siempre-en-perfil-temporal\\\/#respond\"]}]},{\"@type\":\"WebPage\",\"@id\":\"https:\\\/\\\/alexfernandez.es\\\/blog\\\/2013\\\/04\\\/15\\\/windows-8-entra-siempre-en-perfil-temporal\\\/\",\"url\":\"https:\\\/\\\/alexfernandez.es\\\/blog\\\/2013\\\/04\\\/15\\\/windows-8-entra-siempre-en-perfil-temporal\\\/\",\"name\":\"Windows 8 entra siempre en perfil temporal - AlexFernandez\",\"isPartOf\":{\"@id\":\"https:\\\/\\\/alexfernandez.es\\\/blog\\\/#website\"},\"datePublished\":\"2013-04-15T12:08:20+00:00\",\"dateModified\":\"2019-12-20T10:30:42+00:00\",\"author\":{\"@id\":\"https:\\\/\\\/alexfernandez.es\\\/blog\\\/#\\\/schema\\\/person\\\/594ea35bb8e3351367cda338fe7a72f5\"},\"breadcrumb\":{\"@id\":\"https:\\\/\\\/alexfernandez.es\\\/blog\\\/2013\\\/04\\\/15\\\/windows-8-entra-siempre-en-perfil-temporal\\\/#breadcrumb\"},\"inLanguage\":\"es\",\"potentialAction\":[{\"@type\":\"ReadAction\",\"target\":[\"https:\\\/\\\/alexfernandez.es\\\/blog\\\/2013\\\/04\\\/15\\\/windows-8-entra-siempre-en-perfil-temporal\\\/\"]}]},{\"@type\":\"BreadcrumbList\",\"@id\":\"https:\\\/\\\/alexfernandez.es\\\/blog\\\/2013\\\/04\\\/15\\\/windows-8-entra-siempre-en-perfil-temporal\\\/#breadcrumb\",\"itemListElement\":[{\"@type\":\"ListItem\",\"position\":1,\"name\":\"Portada\",\"item\":\"https:\\\/\\\/alexfernandez.es\\\/blog\\\/\"},{\"@type\":\"ListItem\",\"position\":2,\"name\":\"Windows 8 entra siempre en perfil temporal\"}]},{\"@type\":\"WebSite\",\"@id\":\"https:\\\/\\\/alexfernandez.es\\\/blog\\\/#website\",\"url\":\"https:\\\/\\\/alexfernandez.es\\\/blog\\\/\",\"name\":\"AlexFernandez\",\"description\":\"Arrojando un poco de claridad sobre los misterios y rarezas de la inform\u00e1tica...\",\"potentialAction\":[{\"@type\":\"SearchAction\",\"target\":{\"@type\":\"EntryPoint\",\"urlTemplate\":\"https:\\\/\\\/alexfernandez.es\\\/blog\\\/?s={search_term_string}\"},\"query-input\":{\"@type\":\"PropertyValueSpecification\",\"valueRequired\":true,\"valueName\":\"search_term_string\"}}],\"inLanguage\":\"es\"},{\"@type\":\"Person\",\"@id\":\"https:\\\/\\\/alexfernandez.es\\\/blog\\\/#\\\/schema\\\/person\\\/594ea35bb8e3351367cda338fe7a72f5\",\"name\":\"alejandrofl\",\"image\":{\"@type\":\"ImageObject\",\"inLanguage\":\"es\",\"@id\":\"https:\\\/\\\/secure.gravatar.com\\\/avatar\\\/3b421dc54a39817a70a61da4ddb1a61986530be90a32906c5857b73e20a5bb7a?s=96&d=mm&r=g\",\"url\":\"https:\\\/\\\/secure.gravatar.com\\\/avatar\\\/3b421dc54a39817a70a61da4ddb1a61986530be90a32906c5857b73e20a5bb7a?s=96&d=mm&r=g\",\"contentUrl\":\"https:\\\/\\\/secure.gravatar.com\\\/avatar\\\/3b421dc54a39817a70a61da4ddb1a61986530be90a32906c5857b73e20a5bb7a?s=96&d=mm&r=g\",\"caption\":\"alejandrofl\"},\"url\":\"https:\\\/\\\/alexfernandez.es\\\/blog\\\/author\\\/alejandrofl\\\/\"}]}<\/script>\n<!-- \/ Yoast SEO plugin. -->","yoast_head_json":{"title":"Windows 8 entra siempre en perfil temporal - AlexFernandez","robots":{"index":"index","follow":"follow","max-snippet":"max-snippet:-1","max-image-preview":"max-image-preview:large","max-video-preview":"max-video-preview:-1"},"canonical":"https:\/\/alexfernandez.es\/blog\/2013\/04\/15\/windows-8-entra-siempre-en-perfil-temporal\/","og_locale":"es_ES","og_type":"article","og_title":"Windows 8 entra siempre en perfil temporal - AlexFernandez","og_description":"En la empresa en la que trabajo hemos empezado a meter alg\u00fan equipo con Windows 8 (forzados, porque cada vez se venden menos con Windows 7&#8230;) y me empiezo a encontrar ya con algunos problemas que intentar\u00e9 dejar aqu\u00ed reflejados &hellip; Sigue leyendo &rarr;","og_url":"https:\/\/alexfernandez.es\/blog\/2013\/04\/15\/windows-8-entra-siempre-en-perfil-temporal\/","og_site_name":"AlexFernandez","article_published_time":"2013-04-15T12:08:20+00:00","article_modified_time":"2019-12-20T10:30:42+00:00","author":"alejandrofl","twitter_card":"summary_large_image","twitter_misc":{"Escrito por":"alejandrofl","Tiempo de lectura":"1 minuto"},"schema":{"@context":"https:\/\/schema.org","@graph":[{"@type":"Article","@id":"https:\/\/alexfernandez.es\/blog\/2013\/04\/15\/windows-8-entra-siempre-en-perfil-temporal\/#article","isPartOf":{"@id":"https:\/\/alexfernandez.es\/blog\/2013\/04\/15\/windows-8-entra-siempre-en-perfil-temporal\/"},"author":{"name":"alejandrofl","@id":"https:\/\/alexfernandez.es\/blog\/#\/schema\/person\/594ea35bb8e3351367cda338fe7a72f5"},"headline":"Windows 8 entra siempre en perfil temporal","datePublished":"2013-04-15T12:08:20+00:00","dateModified":"2019-12-20T10:30:42+00:00","mainEntityOfPage":{"@id":"https:\/\/alexfernandez.es\/blog\/2013\/04\/15\/windows-8-entra-siempre-en-perfil-temporal\/"},"wordCount":279,"commentCount":0,"keywords":["perfil","profile","regedit","temporal","users","usuario","windows 8"],"articleSection":["Windows 8"],"inLanguage":"es","potentialAction":[{"@type":"CommentAction","name":"Comment","target":["https:\/\/alexfernandez.es\/blog\/2013\/04\/15\/windows-8-entra-siempre-en-perfil-temporal\/#respond"]}]},{"@type":"WebPage","@id":"https:\/\/alexfernandez.es\/blog\/2013\/04\/15\/windows-8-entra-siempre-en-perfil-temporal\/","url":"https:\/\/alexfernandez.es\/blog\/2013\/04\/15\/windows-8-entra-siempre-en-perfil-temporal\/","name":"Windows 8 entra siempre en perfil temporal - AlexFernandez","isPartOf":{"@id":"https:\/\/alexfernandez.es\/blog\/#website"},"datePublished":"2013-04-15T12:08:20+00:00","dateModified":"2019-12-20T10:30:42+00:00","author":{"@id":"https:\/\/alexfernandez.es\/blog\/#\/schema\/person\/594ea35bb8e3351367cda338fe7a72f5"},"breadcrumb":{"@id":"https:\/\/alexfernandez.es\/blog\/2013\/04\/15\/windows-8-entra-siempre-en-perfil-temporal\/#breadcrumb"},"inLanguage":"es","potentialAction":[{"@type":"ReadAction","target":["https:\/\/alexfernandez.es\/blog\/2013\/04\/15\/windows-8-entra-siempre-en-perfil-temporal\/"]}]},{"@type":"BreadcrumbList","@id":"https:\/\/alexfernandez.es\/blog\/2013\/04\/15\/windows-8-entra-siempre-en-perfil-temporal\/#breadcrumb","itemListElement":[{"@type":"ListItem","position":1,"name":"Portada","item":"https:\/\/alexfernandez.es\/blog\/"},{"@type":"ListItem","position":2,"name":"Windows 8 entra siempre en perfil temporal"}]},{"@type":"WebSite","@id":"https:\/\/alexfernandez.es\/blog\/#website","url":"https:\/\/alexfernandez.es\/blog\/","name":"AlexFernandez","description":"Arrojando un poco de claridad sobre los misterios y rarezas de la inform\u00e1tica...","potentialAction":[{"@type":"SearchAction","target":{"@type":"EntryPoint","urlTemplate":"https:\/\/alexfernandez.es\/blog\/?s={search_term_string}"},"query-input":{"@type":"PropertyValueSpecification","valueRequired":true,"valueName":"search_term_string"}}],"inLanguage":"es"},{"@type":"Person","@id":"https:\/\/alexfernandez.es\/blog\/#\/schema\/person\/594ea35bb8e3351367cda338fe7a72f5","name":"alejandrofl","image":{"@type":"ImageObject","inLanguage":"es","@id":"https:\/\/secure.gravatar.com\/avatar\/3b421dc54a39817a70a61da4ddb1a61986530be90a32906c5857b73e20a5bb7a?s=96&d=mm&r=g","url":"https:\/\/secure.gravatar.com\/avatar\/3b421dc54a39817a70a61da4ddb1a61986530be90a32906c5857b73e20a5bb7a?s=96&d=mm&r=g","contentUrl":"https:\/\/secure.gravatar.com\/avatar\/3b421dc54a39817a70a61da4ddb1a61986530be90a32906c5857b73e20a5bb7a?s=96&d=mm&r=g","caption":"alejandrofl"},"url":"https:\/\/alexfernandez.es\/blog\/author\/alejandrofl\/"}]}},"_links":{"self":[{"href":"https:\/\/alexfernandez.es\/blog\/wp-json\/wp\/v2\/posts\/99","targetHints":{"allow":["GET"]}}],"collection":[{"href":"https:\/\/alexfernandez.es\/blog\/wp-json\/wp\/v2\/posts"}],"about":[{"href":"https:\/\/alexfernandez.es\/blog\/wp-json\/wp\/v2\/types\/post"}],"author":[{"embeddable":true,"href":"https:\/\/alexfernandez.es\/blog\/wp-json\/wp\/v2\/users\/1"}],"replies":[{"embeddable":true,"href":"https:\/\/alexfernandez.es\/blog\/wp-json\/wp\/v2\/comments?post=99"}],"version-history":[{"count":5,"href":"https:\/\/alexfernandez.es\/blog\/wp-json\/wp\/v2\/posts\/99\/revisions"}],"predecessor-version":[{"id":238,"href":"https:\/\/alexfernandez.es\/blog\/wp-json\/wp\/v2\/posts\/99\/revisions\/238"}],"wp:attachment":[{"href":"https:\/\/alexfernandez.es\/blog\/wp-json\/wp\/v2\/media?parent=99"}],"wp:term":[{"taxonomy":"category","embeddable":true,"href":"https:\/\/alexfernandez.es\/blog\/wp-json\/wp\/v2\/categories?post=99"},{"taxonomy":"post_tag","embeddable":true,"href":"https:\/\/alexfernandez.es\/blog\/wp-json\/wp\/v2\/tags?post=99"}],"curies":[{"name":"wp","href":"https:\/\/api.w.org\/{rel}","templated":true}]}}