{"id":84,"date":"2012-08-11T19:53:13","date_gmt":"2012-08-11T19:53:13","guid":{"rendered":"http:\/\/alexfernandez.es\/blog\/?p=84"},"modified":"2012-08-11T19:53:13","modified_gmt":"2012-08-11T19:53:13","slug":"windows-7-no-entra-en-suspension","status":"publish","type":"post","link":"https:\/\/alexfernandez.es\/blog\/2012\/08\/11\/windows-7-no-entra-en-suspension\/","title":{"rendered":"Windows 7 no entra en suspensi\u00f3n"},"content":{"rendered":"<p>Recientemente cambi\u00e9 la placa base de mi equipo de sobremesa por una <a href=\"http:\/\/www.asus.es\/Motherboards\/Intel_Socket_775\/P5G41TM_LX\/\">Asus\u00a0P5G41T-M LX<\/a>\u00a0que me sali\u00f3 muy baratita y ten\u00eda todo lo que necesitaba (ethernet gigabit, sonido 5.1 integrado, gr\u00e1fica integrada, soporte para un Core 2 Duo que me regalaron&#8230;)<\/p>\n<p>Total, que despu\u00e9s de instalar y actualizar todos los drivers, el equipo segu\u00eda sin poder entrar en estado de suspensi\u00f3n. Bueno, realmente s\u00ed que entraba, pero se encend\u00eda \u00e9l s\u00f3lo sin tocar nada al momento.<\/p>\n<p><!--more-->Googleando por varios sitios encontr\u00e9 informaci\u00f3n \u00fatil acerca de varios par\u00e1metros de powercfg (a ejecutar en una l\u00ednea de comandos con privilegios elevados) que viene bien tener a mano para casos de este tipo:<\/p>\n<blockquote><p>powercfg -requests<br \/>\n<em>Nos muestra qu\u00e9 es lo que ha hecho al equipo despertarse.<\/em><\/p>\n<p>powercfg -devicequery wake_armed<br \/>\n<em>Muestra la lista de dispositivos que son capaces de encender el equipo.\u00a0<\/em><\/p>\n<p>powercfg -devicedisablewake \u00abnombredeldriver\u00bb<br \/>\n<em>Evita que ese driver pueda despertar al equipo.<\/em><\/p><\/blockquote>\n<p>En mi caso, el problema estaba en un receptor de infrarrojos (detectado como teclado USB) que tengo para un mando a distancia (VID 0766 PID 0204), simplemente ejecutando lo siguiente\u00a0fue suficiente para solucionar el problema:<\/p>\n<p><em>powercfg -devicedisablewake \u00abDispositivo de teclado HID\u00bb<\/em><\/p>\n<p>Con <em>powercfg -devicequery wake_armed\u00a0<\/em>veo que tengo m\u00e1s dispositivos capaces de levantar el equipo, pero los dejo activados porque me interesa (a trav\u00e9s de un magic packet [Wake On Lan] en la ethernet, y con otro \u00abDispositivo de teclado HID\u00bb, que es el teclado de verdad).<\/p>\n<div id=\"attachment_95\" style=\"width: 310px\" class=\"wp-caption aligncenter\"><a href=\"http:\/\/alexfernandez.es\/blog\/wp-content\/uploads\/2012\/08\/wake_armed.png\"><img loading=\"lazy\" decoding=\"async\" aria-describedby=\"caption-attachment-95\" class=\"size-medium wp-image-95 \" title=\"wake_armed\" src=\"http:\/\/alexfernandez.es\/blog\/wp-content\/uploads\/2012\/08\/wake_armed-300x151.png\" alt=\"powercfg -devicequery wake_armed\" width=\"300\" height=\"151\" srcset=\"https:\/\/alexfernandez.es\/blog\/wp-content\/uploads\/2012\/08\/wake_armed-300x151.png 300w, https:\/\/alexfernandez.es\/blog\/wp-content\/uploads\/2012\/08\/wake_armed-500x252.png 500w, https:\/\/alexfernandez.es\/blog\/wp-content\/uploads\/2012\/08\/wake_armed.png 677w\" sizes=\"auto, (max-width: 300px) 100vw, 300px\" \/><\/a><p id=\"caption-attachment-95\" class=\"wp-caption-text\">Dispositivos capaces de levantar mi equipo<\/p><\/div>\n","protected":false},"excerpt":{"rendered":"<p>Recientemente cambi\u00e9 la placa base de mi equipo de sobremesa por una Asus\u00a0P5G41T-M LX\u00a0que me sali\u00f3 muy baratita y ten\u00eda todo lo que necesitaba (ethernet gigabit, sonido 5.1 integrado, gr\u00e1fica integrada, soporte para un Core 2 Duo que me regalaron&#8230;) &hellip; <a href=\"https:\/\/alexfernandez.es\/blog\/2012\/08\/11\/windows-7-no-entra-en-suspension\/\">Sigue leyendo <span class=\"meta-nav\">&rarr;<\/span><\/a><\/p>\n","protected":false},"author":1,"featured_media":0,"comment_status":"open","ping_status":"open","sticky":false,"template":"","format":"standard","meta":{"footnotes":""},"categories":[56],"tags":[28,182,132,183,29,179,181,180,27],"class_list":["post-84","post","type-post","status-publish","format-standard","hentry","category-windows-7","tag-28","tag-conflicto","tag-driver","tag-powercfg","tag-seven","tag-suspend","tag-suspender","tag-suspension","tag-windows"],"yoast_head":"<!-- This site is optimized with the Yoast SEO plugin v27.5 - https:\/\/yoast.com\/product\/yoast-seo-wordpress\/ -->\n<title>Windows 7 no entra en suspensi\u00f3n - AlexFernandez<\/title>\n<meta name=\"robots\" content=\"index, follow, max-snippet:-1, max-image-preview:large, max-video-preview:-1\" \/>\n<link rel=\"canonical\" href=\"https:\/\/alexfernandez.es\/blog\/2012\/08\/11\/windows-7-no-entra-en-suspension\/\" \/>\n<meta property=\"og:locale\" content=\"es_ES\" \/>\n<meta property=\"og:type\" content=\"article\" \/>\n<meta property=\"og:title\" content=\"Windows 7 no entra en suspensi\u00f3n - AlexFernandez\" \/>\n<meta property=\"og:description\" content=\"Recientemente cambi\u00e9 la placa base de mi equipo de sobremesa por una Asus\u00a0P5G41T-M LX\u00a0que me sali\u00f3 muy baratita y ten\u00eda todo lo que necesitaba (ethernet gigabit, sonido 5.1 integrado, gr\u00e1fica integrada, soporte para un Core 2 Duo que me regalaron&#8230;) &hellip; Sigue leyendo &rarr;\" \/>\n<meta property=\"og:url\" content=\"https:\/\/alexfernandez.es\/blog\/2012\/08\/11\/windows-7-no-entra-en-suspension\/\" \/>\n<meta property=\"og:site_name\" content=\"AlexFernandez\" \/>\n<meta property=\"article:published_time\" content=\"2012-08-11T19:53:13+00:00\" \/>\n<meta property=\"og:image\" content=\"http:\/\/alexfernandez.es\/blog\/wp-content\/uploads\/2012\/08\/wake_armed-300x151.png\" \/>\n<meta name=\"author\" content=\"alejandrofl\" \/>\n<meta name=\"twitter:card\" content=\"summary_large_image\" \/>\n<meta name=\"twitter:label1\" content=\"Escrito por\" \/>\n\t<meta name=\"twitter:data1\" content=\"alejandrofl\" \/>\n\t<meta name=\"twitter:label2\" content=\"Tiempo de lectura\" \/>\n\t<meta name=\"twitter:data2\" content=\"1 minuto\" \/>\n<script type=\"application\/ld+json\" class=\"yoast-schema-graph\">{\"@context\":\"https:\\\/\\\/schema.org\",\"@graph\":[{\"@type\":\"Article\",\"@id\":\"https:\\\/\\\/alexfernandez.es\\\/blog\\\/2012\\\/08\\\/11\\\/windows-7-no-entra-en-suspension\\\/#article\",\"isPartOf\":{\"@id\":\"https:\\\/\\\/alexfernandez.es\\\/blog\\\/2012\\\/08\\\/11\\\/windows-7-no-entra-en-suspension\\\/\"},\"author\":{\"name\":\"alejandrofl\",\"@id\":\"https:\\\/\\\/alexfernandez.es\\\/blog\\\/#\\\/schema\\\/person\\\/594ea35bb8e3351367cda338fe7a72f5\"},\"headline\":\"Windows 7 no entra en suspensi\u00f3n\",\"datePublished\":\"2012-08-11T19:53:13+00:00\",\"mainEntityOfPage\":{\"@id\":\"https:\\\/\\\/alexfernandez.es\\\/blog\\\/2012\\\/08\\\/11\\\/windows-7-no-entra-en-suspension\\\/\"},\"wordCount\":269,\"commentCount\":1,\"image\":{\"@id\":\"https:\\\/\\\/alexfernandez.es\\\/blog\\\/2012\\\/08\\\/11\\\/windows-7-no-entra-en-suspension\\\/#primaryimage\"},\"thumbnailUrl\":\"http:\\\/\\\/alexfernandez.es\\\/blog\\\/wp-content\\\/uploads\\\/2012\\\/08\\\/wake_armed-300x151.png\",\"keywords\":[\"7\",\"conflicto\",\"driver\",\"powercfg\",\"seven\",\"suspend\",\"suspender\",\"suspensi\u00f3n\",\"windows\"],\"articleSection\":[\"Windows 7\"],\"inLanguage\":\"es\",\"potentialAction\":[{\"@type\":\"CommentAction\",\"name\":\"Comment\",\"target\":[\"https:\\\/\\\/alexfernandez.es\\\/blog\\\/2012\\\/08\\\/11\\\/windows-7-no-entra-en-suspension\\\/#respond\"]}]},{\"@type\":\"WebPage\",\"@id\":\"https:\\\/\\\/alexfernandez.es\\\/blog\\\/2012\\\/08\\\/11\\\/windows-7-no-entra-en-suspension\\\/\",\"url\":\"https:\\\/\\\/alexfernandez.es\\\/blog\\\/2012\\\/08\\\/11\\\/windows-7-no-entra-en-suspension\\\/\",\"name\":\"Windows 7 no entra en suspensi\u00f3n - AlexFernandez\",\"isPartOf\":{\"@id\":\"https:\\\/\\\/alexfernandez.es\\\/blog\\\/#website\"},\"primaryImageOfPage\":{\"@id\":\"https:\\\/\\\/alexfernandez.es\\\/blog\\\/2012\\\/08\\\/11\\\/windows-7-no-entra-en-suspension\\\/#primaryimage\"},\"image\":{\"@id\":\"https:\\\/\\\/alexfernandez.es\\\/blog\\\/2012\\\/08\\\/11\\\/windows-7-no-entra-en-suspension\\\/#primaryimage\"},\"thumbnailUrl\":\"http:\\\/\\\/alexfernandez.es\\\/blog\\\/wp-content\\\/uploads\\\/2012\\\/08\\\/wake_armed-300x151.png\",\"datePublished\":\"2012-08-11T19:53:13+00:00\",\"author\":{\"@id\":\"https:\\\/\\\/alexfernandez.es\\\/blog\\\/#\\\/schema\\\/person\\\/594ea35bb8e3351367cda338fe7a72f5\"},\"breadcrumb\":{\"@id\":\"https:\\\/\\\/alexfernandez.es\\\/blog\\\/2012\\\/08\\\/11\\\/windows-7-no-entra-en-suspension\\\/#breadcrumb\"},\"inLanguage\":\"es\",\"potentialAction\":[{\"@type\":\"ReadAction\",\"target\":[\"https:\\\/\\\/alexfernandez.es\\\/blog\\\/2012\\\/08\\\/11\\\/windows-7-no-entra-en-suspension\\\/\"]}]},{\"@type\":\"ImageObject\",\"inLanguage\":\"es\",\"@id\":\"https:\\\/\\\/alexfernandez.es\\\/blog\\\/2012\\\/08\\\/11\\\/windows-7-no-entra-en-suspension\\\/#primaryimage\",\"url\":\"https:\\\/\\\/alexfernandez.es\\\/blog\\\/wp-content\\\/uploads\\\/2012\\\/08\\\/wake_armed.png\",\"contentUrl\":\"https:\\\/\\\/alexfernandez.es\\\/blog\\\/wp-content\\\/uploads\\\/2012\\\/08\\\/wake_armed.png\",\"width\":\"677\",\"height\":\"342\",\"caption\":\"Dispositivos capaces de levantar mi equipo\"},{\"@type\":\"BreadcrumbList\",\"@id\":\"https:\\\/\\\/alexfernandez.es\\\/blog\\\/2012\\\/08\\\/11\\\/windows-7-no-entra-en-suspension\\\/#breadcrumb\",\"itemListElement\":[{\"@type\":\"ListItem\",\"position\":1,\"name\":\"Portada\",\"item\":\"https:\\\/\\\/alexfernandez.es\\\/blog\\\/\"},{\"@type\":\"ListItem\",\"position\":2,\"name\":\"Windows 7 no entra en suspensi\u00f3n\"}]},{\"@type\":\"WebSite\",\"@id\":\"https:\\\/\\\/alexfernandez.es\\\/blog\\\/#website\",\"url\":\"https:\\\/\\\/alexfernandez.es\\\/blog\\\/\",\"name\":\"AlexFernandez\",\"description\":\"Arrojando un poco de claridad sobre los misterios y rarezas de la inform\u00e1tica...\",\"potentialAction\":[{\"@type\":\"SearchAction\",\"target\":{\"@type\":\"EntryPoint\",\"urlTemplate\":\"https:\\\/\\\/alexfernandez.es\\\/blog\\\/?s={search_term_string}\"},\"query-input\":{\"@type\":\"PropertyValueSpecification\",\"valueRequired\":true,\"valueName\":\"search_term_string\"}}],\"inLanguage\":\"es\"},{\"@type\":\"Person\",\"@id\":\"https:\\\/\\\/alexfernandez.es\\\/blog\\\/#\\\/schema\\\/person\\\/594ea35bb8e3351367cda338fe7a72f5\",\"name\":\"alejandrofl\",\"image\":{\"@type\":\"ImageObject\",\"inLanguage\":\"es\",\"@id\":\"https:\\\/\\\/secure.gravatar.com\\\/avatar\\\/3b421dc54a39817a70a61da4ddb1a61986530be90a32906c5857b73e20a5bb7a?s=96&d=mm&r=g\",\"url\":\"https:\\\/\\\/secure.gravatar.com\\\/avatar\\\/3b421dc54a39817a70a61da4ddb1a61986530be90a32906c5857b73e20a5bb7a?s=96&d=mm&r=g\",\"contentUrl\":\"https:\\\/\\\/secure.gravatar.com\\\/avatar\\\/3b421dc54a39817a70a61da4ddb1a61986530be90a32906c5857b73e20a5bb7a?s=96&d=mm&r=g\",\"caption\":\"alejandrofl\"},\"url\":\"https:\\\/\\\/alexfernandez.es\\\/blog\\\/author\\\/alejandrofl\\\/\"}]}<\/script>\n<!-- \/ Yoast SEO plugin. -->","yoast_head_json":{"title":"Windows 7 no entra en suspensi\u00f3n - AlexFernandez","robots":{"index":"index","follow":"follow","max-snippet":"max-snippet:-1","max-image-preview":"max-image-preview:large","max-video-preview":"max-video-preview:-1"},"canonical":"https:\/\/alexfernandez.es\/blog\/2012\/08\/11\/windows-7-no-entra-en-suspension\/","og_locale":"es_ES","og_type":"article","og_title":"Windows 7 no entra en suspensi\u00f3n - AlexFernandez","og_description":"Recientemente cambi\u00e9 la placa base de mi equipo de sobremesa por una Asus\u00a0P5G41T-M LX\u00a0que me sali\u00f3 muy baratita y ten\u00eda todo lo que necesitaba (ethernet gigabit, sonido 5.1 integrado, gr\u00e1fica integrada, soporte para un Core 2 Duo que me regalaron&#8230;) &hellip; Sigue leyendo &rarr;","og_url":"https:\/\/alexfernandez.es\/blog\/2012\/08\/11\/windows-7-no-entra-en-suspension\/","og_site_name":"AlexFernandez","article_published_time":"2012-08-11T19:53:13+00:00","og_image":[{"url":"http:\/\/alexfernandez.es\/blog\/wp-content\/uploads\/2012\/08\/wake_armed-300x151.png","type":"","width":"","height":""}],"author":"alejandrofl","twitter_card":"summary_large_image","twitter_misc":{"Escrito por":"alejandrofl","Tiempo de lectura":"1 minuto"},"schema":{"@context":"https:\/\/schema.org","@graph":[{"@type":"Article","@id":"https:\/\/alexfernandez.es\/blog\/2012\/08\/11\/windows-7-no-entra-en-suspension\/#article","isPartOf":{"@id":"https:\/\/alexfernandez.es\/blog\/2012\/08\/11\/windows-7-no-entra-en-suspension\/"},"author":{"name":"alejandrofl","@id":"https:\/\/alexfernandez.es\/blog\/#\/schema\/person\/594ea35bb8e3351367cda338fe7a72f5"},"headline":"Windows 7 no entra en suspensi\u00f3n","datePublished":"2012-08-11T19:53:13+00:00","mainEntityOfPage":{"@id":"https:\/\/alexfernandez.es\/blog\/2012\/08\/11\/windows-7-no-entra-en-suspension\/"},"wordCount":269,"commentCount":1,"image":{"@id":"https:\/\/alexfernandez.es\/blog\/2012\/08\/11\/windows-7-no-entra-en-suspension\/#primaryimage"},"thumbnailUrl":"http:\/\/alexfernandez.es\/blog\/wp-content\/uploads\/2012\/08\/wake_armed-300x151.png","keywords":["7","conflicto","driver","powercfg","seven","suspend","suspender","suspensi\u00f3n","windows"],"articleSection":["Windows 7"],"inLanguage":"es","potentialAction":[{"@type":"CommentAction","name":"Comment","target":["https:\/\/alexfernandez.es\/blog\/2012\/08\/11\/windows-7-no-entra-en-suspension\/#respond"]}]},{"@type":"WebPage","@id":"https:\/\/alexfernandez.es\/blog\/2012\/08\/11\/windows-7-no-entra-en-suspension\/","url":"https:\/\/alexfernandez.es\/blog\/2012\/08\/11\/windows-7-no-entra-en-suspension\/","name":"Windows 7 no entra en suspensi\u00f3n - AlexFernandez","isPartOf":{"@id":"https:\/\/alexfernandez.es\/blog\/#website"},"primaryImageOfPage":{"@id":"https:\/\/alexfernandez.es\/blog\/2012\/08\/11\/windows-7-no-entra-en-suspension\/#primaryimage"},"image":{"@id":"https:\/\/alexfernandez.es\/blog\/2012\/08\/11\/windows-7-no-entra-en-suspension\/#primaryimage"},"thumbnailUrl":"http:\/\/alexfernandez.es\/blog\/wp-content\/uploads\/2012\/08\/wake_armed-300x151.png","datePublished":"2012-08-11T19:53:13+00:00","author":{"@id":"https:\/\/alexfernandez.es\/blog\/#\/schema\/person\/594ea35bb8e3351367cda338fe7a72f5"},"breadcrumb":{"@id":"https:\/\/alexfernandez.es\/blog\/2012\/08\/11\/windows-7-no-entra-en-suspension\/#breadcrumb"},"inLanguage":"es","potentialAction":[{"@type":"ReadAction","target":["https:\/\/alexfernandez.es\/blog\/2012\/08\/11\/windows-7-no-entra-en-suspension\/"]}]},{"@type":"ImageObject","inLanguage":"es","@id":"https:\/\/alexfernandez.es\/blog\/2012\/08\/11\/windows-7-no-entra-en-suspension\/#primaryimage","url":"https:\/\/alexfernandez.es\/blog\/wp-content\/uploads\/2012\/08\/wake_armed.png","contentUrl":"https:\/\/alexfernandez.es\/blog\/wp-content\/uploads\/2012\/08\/wake_armed.png","width":"677","height":"342","caption":"Dispositivos capaces de levantar mi equipo"},{"@type":"BreadcrumbList","@id":"https:\/\/alexfernandez.es\/blog\/2012\/08\/11\/windows-7-no-entra-en-suspension\/#breadcrumb","itemListElement":[{"@type":"ListItem","position":1,"name":"Portada","item":"https:\/\/alexfernandez.es\/blog\/"},{"@type":"ListItem","position":2,"name":"Windows 7 no entra en suspensi\u00f3n"}]},{"@type":"WebSite","@id":"https:\/\/alexfernandez.es\/blog\/#website","url":"https:\/\/alexfernandez.es\/blog\/","name":"AlexFernandez","description":"Arrojando un poco de claridad sobre los misterios y rarezas de la inform\u00e1tica...","potentialAction":[{"@type":"SearchAction","target":{"@type":"EntryPoint","urlTemplate":"https:\/\/alexfernandez.es\/blog\/?s={search_term_string}"},"query-input":{"@type":"PropertyValueSpecification","valueRequired":true,"valueName":"search_term_string"}}],"inLanguage":"es"},{"@type":"Person","@id":"https:\/\/alexfernandez.es\/blog\/#\/schema\/person\/594ea35bb8e3351367cda338fe7a72f5","name":"alejandrofl","image":{"@type":"ImageObject","inLanguage":"es","@id":"https:\/\/secure.gravatar.com\/avatar\/3b421dc54a39817a70a61da4ddb1a61986530be90a32906c5857b73e20a5bb7a?s=96&d=mm&r=g","url":"https:\/\/secure.gravatar.com\/avatar\/3b421dc54a39817a70a61da4ddb1a61986530be90a32906c5857b73e20a5bb7a?s=96&d=mm&r=g","contentUrl":"https:\/\/secure.gravatar.com\/avatar\/3b421dc54a39817a70a61da4ddb1a61986530be90a32906c5857b73e20a5bb7a?s=96&d=mm&r=g","caption":"alejandrofl"},"url":"https:\/\/alexfernandez.es\/blog\/author\/alejandrofl\/"}]}},"_links":{"self":[{"href":"https:\/\/alexfernandez.es\/blog\/wp-json\/wp\/v2\/posts\/84","targetHints":{"allow":["GET"]}}],"collection":[{"href":"https:\/\/alexfernandez.es\/blog\/wp-json\/wp\/v2\/posts"}],"about":[{"href":"https:\/\/alexfernandez.es\/blog\/wp-json\/wp\/v2\/types\/post"}],"author":[{"embeddable":true,"href":"https:\/\/alexfernandez.es\/blog\/wp-json\/wp\/v2\/users\/1"}],"replies":[{"embeddable":true,"href":"https:\/\/alexfernandez.es\/blog\/wp-json\/wp\/v2\/comments?post=84"}],"version-history":[{"count":6,"href":"https:\/\/alexfernandez.es\/blog\/wp-json\/wp\/v2\/posts\/84\/revisions"}],"predecessor-version":[{"id":97,"href":"https:\/\/alexfernandez.es\/blog\/wp-json\/wp\/v2\/posts\/84\/revisions\/97"}],"wp:attachment":[{"href":"https:\/\/alexfernandez.es\/blog\/wp-json\/wp\/v2\/media?parent=84"}],"wp:term":[{"taxonomy":"category","embeddable":true,"href":"https:\/\/alexfernandez.es\/blog\/wp-json\/wp\/v2\/categories?post=84"},{"taxonomy":"post_tag","embeddable":true,"href":"https:\/\/alexfernandez.es\/blog\/wp-json\/wp\/v2\/tags?post=84"}],"curies":[{"name":"wp","href":"https:\/\/api.w.org\/{rel}","templated":true}]}}