{"id":10,"date":"2011-11-24T13:31:03","date_gmt":"2011-11-24T13:31:03","guid":{"rendered":"http:\/\/alexfernandez.es\/blog\/?p=10"},"modified":"2011-12-11T11:41:37","modified_gmt":"2011-12-11T11:41:37","slug":"activar-sonido-5-1-en-windows-7","status":"publish","type":"post","link":"https:\/\/alexfernandez.es\/blog\/2011\/11\/24\/activar-sonido-5-1-en-windows-7\/","title":{"rendered":"Activar sonido 5.1 en Windows 7"},"content":{"rendered":"<p>Depende de los drivers de tu tarjeta de sonido, es posible que al reproducir m\u00fasica notes que tu flamante sistema de audio 5.1 (o incluso 7.1) no utiliza todos los altavoces&#8230; No te preocupes, esto tiene una f\u00e1cil y r\u00e1pida soluci\u00f3n.<\/p>\n<p>En mi caso ocurri\u00f3 con una tarjeta de sonido Realtek High Definition Audio (10EC:0880)\u00a0integrada en placa base. Tras descargar los \u00faltimos drivers disponibles en la p\u00e1gina de <a href=\"http:\/\/www.realtek.com.tw\" target=\"_blank\">Realtek<\/a>\u00a0not\u00e9 que al reproducir m\u00fasica desde <a href=\"http:\/\/www.winamp.com\" target=\"_blank\">Winamp<\/a> (desde siempre, mi reproductor de m\u00fasica favorito) \u00fanicamente se escuchaba por los dos altavoces delanteros, los de toda la vida.<br \/>\n<!--more--><br \/>\nEncontr\u00e9 dos formas de solucionarlo:<\/p>\n<p>1.- Habilitando el \u00abRelleno de altavoces\u00bb en las mejoras de las propiedades de los altavoces en dispositivos de reproducci\u00f3n:<br \/>\n<a href=\"http:\/\/alexfernandez.es\/blog\/wp-content\/uploads\/2011\/11\/relleno-altavoces.png\"><img loading=\"lazy\" decoding=\"async\" title=\"relleno-altavoces\" src=\"http:\/\/alexfernandez.es\/blog\/wp-content\/uploads\/2011\/11\/relleno-altavoces-258x300.png\" alt=\"\" width=\"258\" height=\"300\" \/><\/a><\/p>\n<p>En mi caso, esta opci\u00f3n produc\u00eda un sonido chirriante en los altavoces, as\u00ed que esta soluci\u00f3n en mi caso no fue v\u00e1lida.<\/p>\n<p>2.- Mi preferida, por ser la que menos modifica el sonido que sale por los altavoces, activar un \u00abentorno\u00bb en el Administrador de sonido Realtek HD (o en el propio Windows, leer m\u00e1s abajo). En mi opini\u00f3n el que menos modifica el sonido es \u00abdormitorio\u00bb:<br \/>\n<a href=\"http:\/\/alexfernandez.es\/blog\/wp-content\/uploads\/2011\/11\/adm-son-realt-dormitorio.png\"><img loading=\"lazy\" decoding=\"async\" title=\"adm-son-realt-dormitorio\" src=\"http:\/\/alexfernandez.es\/blog\/wp-content\/uploads\/2011\/11\/adm-son-realt-dormitorio-300x233.png\" alt=\"\" width=\"300\" height=\"233\" \/><\/a><\/p>\n<p>Si tienes, por ejemplo, los altavoces traseros a una distancia mayor que los delanteros, puedes modificar los par\u00e1metros en la pesta\u00f1a \u00abCorrecci\u00f3n de la sala\u00bb para que se suministre m\u00e1s potencia a los traseros y as\u00ed compensar la p\u00e9rdida de sonido ocasionada por la distancia (y en mi caso, por la mayor longitud de cable y las p\u00e9rdidas que ello conlleva).<\/p>\n<p>&nbsp;<\/p>\n<p>Esto tambi\u00e9n lo puedes hacer directamente con el propio sistema operativo:<br \/>\n<a href=\"http:\/\/alexfernandez.es\/blog\/wp-content\/uploads\/2011\/11\/01.png\"><img loading=\"lazy\" decoding=\"async\" title=\"Propiedades altavoces\" src=\"http:\/\/alexfernandez.es\/blog\/wp-content\/uploads\/2011\/11\/01-277x300.png\" alt=\"\" width=\"277\" height=\"300\" \/><\/a><\/p>\n<p>En dispositivos de reproducci\u00f3n, click derecho en Altavoces, Propiedades.<\/p>\n<p><a href=\"http:\/\/alexfernandez.es\/blog\/wp-content\/uploads\/2011\/11\/02.png\"><img loading=\"lazy\" decoding=\"async\" title=\"Mejoras - Entorno - Dormitorio\" src=\"http:\/\/alexfernandez.es\/blog\/wp-content\/uploads\/2011\/11\/02-256x300.png\" alt=\"\" width=\"256\" height=\"300\" \/><\/a><\/p>\n<p>Solapa Mejoras, activar Entorno, y abajo en configuraci\u00f3n elegir la modificaci\u00f3n de sonido que m\u00e1s nos guste. No todas hacen que el sonido salga por todos los altavoces. De las que s\u00ed que lo hacen, la que m\u00e1s me gusta por ser la que menos modifica el sonido respecto al original es \u00abDormitorio\u00bb.<\/p>\n","protected":false},"excerpt":{"rendered":"<p>Depende de los drivers de tu tarjeta de sonido, es posible que al reproducir m\u00fasica notes que tu flamante sistema de audio 5.1 (o incluso 7.1) no utiliza todos los altavoces&#8230; No te preocupes, esto tiene una f\u00e1cil y r\u00e1pida &hellip; <a href=\"https:\/\/alexfernandez.es\/blog\/2011\/11\/24\/activar-sonido-5-1-en-windows-7\/\">Sigue leyendo <span class=\"meta-nav\">&rarr;<\/span><\/a><\/p>\n","protected":false},"author":1,"featured_media":0,"comment_status":"open","ping_status":"open","sticky":false,"template":"","format":"standard","meta":{"footnotes":""},"categories":[56],"tags":[54,53,55,47,28,48,50,46,45,44,51,29,30,49,52,27],"class_list":["post-10","post","type-post","status-publish","format-standard","hentry","category-windows-7","tag-54","tag-10ec","tag-10ec0880","tag-5-1","tag-28","tag-7-1","tag-altavoces","tag-audio","tag-hd","tag-realtek","tag-reproducir","tag-seven","tag-siete","tag-sonidos","tag-winamp","tag-windows"],"yoast_head":"<!-- This site is optimized with the Yoast SEO plugin v27.5 - https:\/\/yoast.com\/product\/yoast-seo-wordpress\/ -->\n<title>Activar sonido 5.1 en Windows 7 - AlexFernandez<\/title>\n<meta name=\"robots\" content=\"index, follow, max-snippet:-1, max-image-preview:large, max-video-preview:-1\" \/>\n<link rel=\"canonical\" href=\"https:\/\/alexfernandez.es\/blog\/2011\/11\/24\/activar-sonido-5-1-en-windows-7\/\" \/>\n<meta property=\"og:locale\" content=\"es_ES\" \/>\n<meta property=\"og:type\" content=\"article\" \/>\n<meta property=\"og:title\" content=\"Activar sonido 5.1 en Windows 7 - AlexFernandez\" \/>\n<meta property=\"og:description\" content=\"Depende de los drivers de tu tarjeta de sonido, es posible que al reproducir m\u00fasica notes que tu flamante sistema de audio 5.1 (o incluso 7.1) no utiliza todos los altavoces&#8230; No te preocupes, esto tiene una f\u00e1cil y r\u00e1pida &hellip; Sigue leyendo &rarr;\" \/>\n<meta property=\"og:url\" content=\"https:\/\/alexfernandez.es\/blog\/2011\/11\/24\/activar-sonido-5-1-en-windows-7\/\" \/>\n<meta property=\"og:site_name\" content=\"AlexFernandez\" \/>\n<meta property=\"article:published_time\" content=\"2011-11-24T13:31:03+00:00\" \/>\n<meta property=\"article:modified_time\" content=\"2011-12-11T11:41:37+00:00\" \/>\n<meta property=\"og:image\" content=\"http:\/\/alexfernandez.es\/blog\/wp-content\/uploads\/2011\/11\/relleno-altavoces-258x300.png\" \/>\n<meta name=\"author\" content=\"alejandrofl\" \/>\n<meta name=\"twitter:card\" content=\"summary_large_image\" \/>\n<meta name=\"twitter:label1\" content=\"Escrito por\" \/>\n\t<meta name=\"twitter:data1\" content=\"alejandrofl\" \/>\n\t<meta name=\"twitter:label2\" content=\"Tiempo de lectura\" \/>\n\t<meta name=\"twitter:data2\" content=\"2 minutos\" \/>\n<script type=\"application\/ld+json\" class=\"yoast-schema-graph\">{\"@context\":\"https:\\\/\\\/schema.org\",\"@graph\":[{\"@type\":\"Article\",\"@id\":\"https:\\\/\\\/alexfernandez.es\\\/blog\\\/2011\\\/11\\\/24\\\/activar-sonido-5-1-en-windows-7\\\/#article\",\"isPartOf\":{\"@id\":\"https:\\\/\\\/alexfernandez.es\\\/blog\\\/2011\\\/11\\\/24\\\/activar-sonido-5-1-en-windows-7\\\/\"},\"author\":{\"name\":\"alejandrofl\",\"@id\":\"https:\\\/\\\/alexfernandez.es\\\/blog\\\/#\\\/schema\\\/person\\\/594ea35bb8e3351367cda338fe7a72f5\"},\"headline\":\"Activar sonido 5.1 en Windows 7\",\"datePublished\":\"2011-11-24T13:31:03+00:00\",\"dateModified\":\"2011-12-11T11:41:37+00:00\",\"mainEntityOfPage\":{\"@id\":\"https:\\\/\\\/alexfernandez.es\\\/blog\\\/2011\\\/11\\\/24\\\/activar-sonido-5-1-en-windows-7\\\/\"},\"wordCount\":351,\"commentCount\":2,\"image\":{\"@id\":\"https:\\\/\\\/alexfernandez.es\\\/blog\\\/2011\\\/11\\\/24\\\/activar-sonido-5-1-en-windows-7\\\/#primaryimage\"},\"thumbnailUrl\":\"http:\\\/\\\/alexfernandez.es\\\/blog\\\/wp-content\\\/uploads\\\/2011\\\/11\\\/relleno-altavoces-258x300.png\",\"keywords\":[\"0880\",\"10EC\",\"10EC:0880\",\"5.1\",\"7\",\"7.1\",\"altavoces\",\"audio\",\"hd\",\"realtek\",\"reproducir\",\"seven\",\"siete\",\"sonidos\",\"winamp\",\"windows\"],\"articleSection\":[\"Windows 7\"],\"inLanguage\":\"es\",\"potentialAction\":[{\"@type\":\"CommentAction\",\"name\":\"Comment\",\"target\":[\"https:\\\/\\\/alexfernandez.es\\\/blog\\\/2011\\\/11\\\/24\\\/activar-sonido-5-1-en-windows-7\\\/#respond\"]}]},{\"@type\":\"WebPage\",\"@id\":\"https:\\\/\\\/alexfernandez.es\\\/blog\\\/2011\\\/11\\\/24\\\/activar-sonido-5-1-en-windows-7\\\/\",\"url\":\"https:\\\/\\\/alexfernandez.es\\\/blog\\\/2011\\\/11\\\/24\\\/activar-sonido-5-1-en-windows-7\\\/\",\"name\":\"Activar sonido 5.1 en Windows 7 - AlexFernandez\",\"isPartOf\":{\"@id\":\"https:\\\/\\\/alexfernandez.es\\\/blog\\\/#website\"},\"primaryImageOfPage\":{\"@id\":\"https:\\\/\\\/alexfernandez.es\\\/blog\\\/2011\\\/11\\\/24\\\/activar-sonido-5-1-en-windows-7\\\/#primaryimage\"},\"image\":{\"@id\":\"https:\\\/\\\/alexfernandez.es\\\/blog\\\/2011\\\/11\\\/24\\\/activar-sonido-5-1-en-windows-7\\\/#primaryimage\"},\"thumbnailUrl\":\"http:\\\/\\\/alexfernandez.es\\\/blog\\\/wp-content\\\/uploads\\\/2011\\\/11\\\/relleno-altavoces-258x300.png\",\"datePublished\":\"2011-11-24T13:31:03+00:00\",\"dateModified\":\"2011-12-11T11:41:37+00:00\",\"author\":{\"@id\":\"https:\\\/\\\/alexfernandez.es\\\/blog\\\/#\\\/schema\\\/person\\\/594ea35bb8e3351367cda338fe7a72f5\"},\"breadcrumb\":{\"@id\":\"https:\\\/\\\/alexfernandez.es\\\/blog\\\/2011\\\/11\\\/24\\\/activar-sonido-5-1-en-windows-7\\\/#breadcrumb\"},\"inLanguage\":\"es\",\"potentialAction\":[{\"@type\":\"ReadAction\",\"target\":[\"https:\\\/\\\/alexfernandez.es\\\/blog\\\/2011\\\/11\\\/24\\\/activar-sonido-5-1-en-windows-7\\\/\"]}]},{\"@type\":\"ImageObject\",\"inLanguage\":\"es\",\"@id\":\"https:\\\/\\\/alexfernandez.es\\\/blog\\\/2011\\\/11\\\/24\\\/activar-sonido-5-1-en-windows-7\\\/#primaryimage\",\"url\":\"https:\\\/\\\/alexfernandez.es\\\/blog\\\/wp-content\\\/uploads\\\/2011\\\/11\\\/relleno-altavoces.png\",\"contentUrl\":\"https:\\\/\\\/alexfernandez.es\\\/blog\\\/wp-content\\\/uploads\\\/2011\\\/11\\\/relleno-altavoces.png\",\"width\":\"419\",\"height\":\"487\"},{\"@type\":\"BreadcrumbList\",\"@id\":\"https:\\\/\\\/alexfernandez.es\\\/blog\\\/2011\\\/11\\\/24\\\/activar-sonido-5-1-en-windows-7\\\/#breadcrumb\",\"itemListElement\":[{\"@type\":\"ListItem\",\"position\":1,\"name\":\"Portada\",\"item\":\"https:\\\/\\\/alexfernandez.es\\\/blog\\\/\"},{\"@type\":\"ListItem\",\"position\":2,\"name\":\"Activar sonido 5.1 en Windows 7\"}]},{\"@type\":\"WebSite\",\"@id\":\"https:\\\/\\\/alexfernandez.es\\\/blog\\\/#website\",\"url\":\"https:\\\/\\\/alexfernandez.es\\\/blog\\\/\",\"name\":\"AlexFernandez\",\"description\":\"Arrojando un poco de claridad sobre los misterios y rarezas de la inform\u00e1tica...\",\"potentialAction\":[{\"@type\":\"SearchAction\",\"target\":{\"@type\":\"EntryPoint\",\"urlTemplate\":\"https:\\\/\\\/alexfernandez.es\\\/blog\\\/?s={search_term_string}\"},\"query-input\":{\"@type\":\"PropertyValueSpecification\",\"valueRequired\":true,\"valueName\":\"search_term_string\"}}],\"inLanguage\":\"es\"},{\"@type\":\"Person\",\"@id\":\"https:\\\/\\\/alexfernandez.es\\\/blog\\\/#\\\/schema\\\/person\\\/594ea35bb8e3351367cda338fe7a72f5\",\"name\":\"alejandrofl\",\"image\":{\"@type\":\"ImageObject\",\"inLanguage\":\"es\",\"@id\":\"https:\\\/\\\/secure.gravatar.com\\\/avatar\\\/3b421dc54a39817a70a61da4ddb1a61986530be90a32906c5857b73e20a5bb7a?s=96&d=mm&r=g\",\"url\":\"https:\\\/\\\/secure.gravatar.com\\\/avatar\\\/3b421dc54a39817a70a61da4ddb1a61986530be90a32906c5857b73e20a5bb7a?s=96&d=mm&r=g\",\"contentUrl\":\"https:\\\/\\\/secure.gravatar.com\\\/avatar\\\/3b421dc54a39817a70a61da4ddb1a61986530be90a32906c5857b73e20a5bb7a?s=96&d=mm&r=g\",\"caption\":\"alejandrofl\"},\"url\":\"https:\\\/\\\/alexfernandez.es\\\/blog\\\/author\\\/alejandrofl\\\/\"}]}<\/script>\n<!-- \/ Yoast SEO plugin. -->","yoast_head_json":{"title":"Activar sonido 5.1 en Windows 7 - AlexFernandez","robots":{"index":"index","follow":"follow","max-snippet":"max-snippet:-1","max-image-preview":"max-image-preview:large","max-video-preview":"max-video-preview:-1"},"canonical":"https:\/\/alexfernandez.es\/blog\/2011\/11\/24\/activar-sonido-5-1-en-windows-7\/","og_locale":"es_ES","og_type":"article","og_title":"Activar sonido 5.1 en Windows 7 - AlexFernandez","og_description":"Depende de los drivers de tu tarjeta de sonido, es posible que al reproducir m\u00fasica notes que tu flamante sistema de audio 5.1 (o incluso 7.1) no utiliza todos los altavoces&#8230; No te preocupes, esto tiene una f\u00e1cil y r\u00e1pida &hellip; Sigue leyendo &rarr;","og_url":"https:\/\/alexfernandez.es\/blog\/2011\/11\/24\/activar-sonido-5-1-en-windows-7\/","og_site_name":"AlexFernandez","article_published_time":"2011-11-24T13:31:03+00:00","article_modified_time":"2011-12-11T11:41:37+00:00","og_image":[{"url":"http:\/\/alexfernandez.es\/blog\/wp-content\/uploads\/2011\/11\/relleno-altavoces-258x300.png","type":"","width":"","height":""}],"author":"alejandrofl","twitter_card":"summary_large_image","twitter_misc":{"Escrito por":"alejandrofl","Tiempo de lectura":"2 minutos"},"schema":{"@context":"https:\/\/schema.org","@graph":[{"@type":"Article","@id":"https:\/\/alexfernandez.es\/blog\/2011\/11\/24\/activar-sonido-5-1-en-windows-7\/#article","isPartOf":{"@id":"https:\/\/alexfernandez.es\/blog\/2011\/11\/24\/activar-sonido-5-1-en-windows-7\/"},"author":{"name":"alejandrofl","@id":"https:\/\/alexfernandez.es\/blog\/#\/schema\/person\/594ea35bb8e3351367cda338fe7a72f5"},"headline":"Activar sonido 5.1 en Windows 7","datePublished":"2011-11-24T13:31:03+00:00","dateModified":"2011-12-11T11:41:37+00:00","mainEntityOfPage":{"@id":"https:\/\/alexfernandez.es\/blog\/2011\/11\/24\/activar-sonido-5-1-en-windows-7\/"},"wordCount":351,"commentCount":2,"image":{"@id":"https:\/\/alexfernandez.es\/blog\/2011\/11\/24\/activar-sonido-5-1-en-windows-7\/#primaryimage"},"thumbnailUrl":"http:\/\/alexfernandez.es\/blog\/wp-content\/uploads\/2011\/11\/relleno-altavoces-258x300.png","keywords":["0880","10EC","10EC:0880","5.1","7","7.1","altavoces","audio","hd","realtek","reproducir","seven","siete","sonidos","winamp","windows"],"articleSection":["Windows 7"],"inLanguage":"es","potentialAction":[{"@type":"CommentAction","name":"Comment","target":["https:\/\/alexfernandez.es\/blog\/2011\/11\/24\/activar-sonido-5-1-en-windows-7\/#respond"]}]},{"@type":"WebPage","@id":"https:\/\/alexfernandez.es\/blog\/2011\/11\/24\/activar-sonido-5-1-en-windows-7\/","url":"https:\/\/alexfernandez.es\/blog\/2011\/11\/24\/activar-sonido-5-1-en-windows-7\/","name":"Activar sonido 5.1 en Windows 7 - AlexFernandez","isPartOf":{"@id":"https:\/\/alexfernandez.es\/blog\/#website"},"primaryImageOfPage":{"@id":"https:\/\/alexfernandez.es\/blog\/2011\/11\/24\/activar-sonido-5-1-en-windows-7\/#primaryimage"},"image":{"@id":"https:\/\/alexfernandez.es\/blog\/2011\/11\/24\/activar-sonido-5-1-en-windows-7\/#primaryimage"},"thumbnailUrl":"http:\/\/alexfernandez.es\/blog\/wp-content\/uploads\/2011\/11\/relleno-altavoces-258x300.png","datePublished":"2011-11-24T13:31:03+00:00","dateModified":"2011-12-11T11:41:37+00:00","author":{"@id":"https:\/\/alexfernandez.es\/blog\/#\/schema\/person\/594ea35bb8e3351367cda338fe7a72f5"},"breadcrumb":{"@id":"https:\/\/alexfernandez.es\/blog\/2011\/11\/24\/activar-sonido-5-1-en-windows-7\/#breadcrumb"},"inLanguage":"es","potentialAction":[{"@type":"ReadAction","target":["https:\/\/alexfernandez.es\/blog\/2011\/11\/24\/activar-sonido-5-1-en-windows-7\/"]}]},{"@type":"ImageObject","inLanguage":"es","@id":"https:\/\/alexfernandez.es\/blog\/2011\/11\/24\/activar-sonido-5-1-en-windows-7\/#primaryimage","url":"https:\/\/alexfernandez.es\/blog\/wp-content\/uploads\/2011\/11\/relleno-altavoces.png","contentUrl":"https:\/\/alexfernandez.es\/blog\/wp-content\/uploads\/2011\/11\/relleno-altavoces.png","width":"419","height":"487"},{"@type":"BreadcrumbList","@id":"https:\/\/alexfernandez.es\/blog\/2011\/11\/24\/activar-sonido-5-1-en-windows-7\/#breadcrumb","itemListElement":[{"@type":"ListItem","position":1,"name":"Portada","item":"https:\/\/alexfernandez.es\/blog\/"},{"@type":"ListItem","position":2,"name":"Activar sonido 5.1 en Windows 7"}]},{"@type":"WebSite","@id":"https:\/\/alexfernandez.es\/blog\/#website","url":"https:\/\/alexfernandez.es\/blog\/","name":"AlexFernandez","description":"Arrojando un poco de claridad sobre los misterios y rarezas de la inform\u00e1tica...","potentialAction":[{"@type":"SearchAction","target":{"@type":"EntryPoint","urlTemplate":"https:\/\/alexfernandez.es\/blog\/?s={search_term_string}"},"query-input":{"@type":"PropertyValueSpecification","valueRequired":true,"valueName":"search_term_string"}}],"inLanguage":"es"},{"@type":"Person","@id":"https:\/\/alexfernandez.es\/blog\/#\/schema\/person\/594ea35bb8e3351367cda338fe7a72f5","name":"alejandrofl","image":{"@type":"ImageObject","inLanguage":"es","@id":"https:\/\/secure.gravatar.com\/avatar\/3b421dc54a39817a70a61da4ddb1a61986530be90a32906c5857b73e20a5bb7a?s=96&d=mm&r=g","url":"https:\/\/secure.gravatar.com\/avatar\/3b421dc54a39817a70a61da4ddb1a61986530be90a32906c5857b73e20a5bb7a?s=96&d=mm&r=g","contentUrl":"https:\/\/secure.gravatar.com\/avatar\/3b421dc54a39817a70a61da4ddb1a61986530be90a32906c5857b73e20a5bb7a?s=96&d=mm&r=g","caption":"alejandrofl"},"url":"https:\/\/alexfernandez.es\/blog\/author\/alejandrofl\/"}]}},"_links":{"self":[{"href":"https:\/\/alexfernandez.es\/blog\/wp-json\/wp\/v2\/posts\/10","targetHints":{"allow":["GET"]}}],"collection":[{"href":"https:\/\/alexfernandez.es\/blog\/wp-json\/wp\/v2\/posts"}],"about":[{"href":"https:\/\/alexfernandez.es\/blog\/wp-json\/wp\/v2\/types\/post"}],"author":[{"embeddable":true,"href":"https:\/\/alexfernandez.es\/blog\/wp-json\/wp\/v2\/users\/1"}],"replies":[{"embeddable":true,"href":"https:\/\/alexfernandez.es\/blog\/wp-json\/wp\/v2\/comments?post=10"}],"version-history":[{"count":11,"href":"https:\/\/alexfernandez.es\/blog\/wp-json\/wp\/v2\/posts\/10\/revisions"}],"predecessor-version":[{"id":63,"href":"https:\/\/alexfernandez.es\/blog\/wp-json\/wp\/v2\/posts\/10\/revisions\/63"}],"wp:attachment":[{"href":"https:\/\/alexfernandez.es\/blog\/wp-json\/wp\/v2\/media?parent=10"}],"wp:term":[{"taxonomy":"category","embeddable":true,"href":"https:\/\/alexfernandez.es\/blog\/wp-json\/wp\/v2\/categories?post=10"},{"taxonomy":"post_tag","embeddable":true,"href":"https:\/\/alexfernandez.es\/blog\/wp-json\/wp\/v2\/tags?post=10"}],"curies":[{"name":"wp","href":"https:\/\/api.w.org\/{rel}","templated":true}]}}